{"id":3962,"date":"2024-07-05T11:21:17","date_gmt":"2024-07-05T11:21:17","guid":{"rendered":"https:\/\/articon.kiubo.ch\/loperation-et-lhospitalisation\/"},"modified":"2025-11-20T09:32:42","modified_gmt":"2025-11-20T09:32:42","slug":"loperation-et-lhospitalisation","status":"publish","type":"post","link":"https:\/\/articon.ch\/fr\/loperation-et-lhospitalisation\/","title":{"rendered":"L&rsquo;op\u00e9ration et l&rsquo;hospitalisation"},"content":{"rendered":"\n<p><\/p>\n\n<div class=\"wp-block-media-text is-stacked-on-mobile\" style=\"grid-template-columns:44% auto\"><figure class=\"wp-block-media-text__media\"><img loading=\"lazy\" decoding=\"async\" width=\"1536\" height=\"1024\" src=\"https:\/\/articon.ch\/wp-content\/smush-webp\/PS11781-1536x1024.jpg.webp\" alt=\"\" class=\"wp-image-1241 size-full\" srcset=\"https:\/\/articon.ch\/wp-content\/smush-webp\/PS11781-1536x1024.jpg.webp 1536w, https:\/\/articon.ch\/wp-content\/smush-webp\/PS11781-300x200.jpg.webp 300w, https:\/\/articon.ch\/wp-content\/smush-webp\/PS11781-768x512.jpg.webp 768w, https:\/\/articon.ch\/wp-content\/smush-webp\/PS11781-2048x1365.jpg.webp 2048w, https:\/\/articon.ch\/wp-content\/smush-webp\/PS11781-1080x720.jpg.webp 1080w, https:\/\/articon.ch\/wp-content\/smush-webp\/PS11781-1280x854.jpg.webp 1280w, https:\/\/articon.ch\/wp-content\/smush-webp\/PS11781-980x653.jpg.webp 980w, https:\/\/articon.ch\/wp-content\/smush-webp\/PS11781-480x320.jpg.webp 480w\" sizes=\"(max-width: 1536px) 100vw, 1536px\" \/><\/figure><div class=\"wp-block-media-text__content\">\n<p class=\"has-background\" style=\"background-color:#acd1c7\">Le jour de l'op\u00e9ration, il s'agit avant tout de <strong>bien g\u00e9rer la douleur et de minimiser les pertes de sang<\/strong>. Pour cela, de nombreuses mesures sont combin\u00e9es. <\/p>\n<\/div><\/div>\n\n<p><\/p>\n\n<div style=\"height:50px\" aria-hidden=\"true\" class=\"wp-block-spacer\"><\/div>\n\n<h3 class=\"wp-block-heading\">Entr\u00e9e \u00e0 l'h\u00f4pital<\/h3>\n\n<p><\/p>\n\n<p class=\"has-background\" style=\"background-color:#eeebeb\">En r\u00e8gle g\u00e9n\u00e9rale, vous entrez <strong>\u00e0 l'h\u00f4pital le jour de l'op\u00e9ration<\/strong>. L'heure exacte vous sera communiqu\u00e9e la veille directement par l'h\u00f4pital. En g\u00e9n\u00e9ral, c'est environ 2,5 heures avant l'heure pr\u00e9vue de l'op\u00e9ration. A l'entr\u00e9e, vous vous pr\u00e9sentez directement \u00e0 la r\u00e9ception, o\u00f9 l'on vous aidera. Quelques pr\u00e9paratifs seront effectu\u00e9s \u00e0 la clinique d'entr\u00e9e.    <\/p>\n\n<p><\/p>\n\n<div style=\"height:50px\" aria-hidden=\"true\" class=\"wp-block-spacer\"><\/div>\n\n<h3 class=\"wp-block-heading\">L'op\u00e9ration<\/h3>\n\n<p><\/p>\n\n<p class=\"has-background\" style=\"background-color:#eeebeb\">Vous vous rendez ensuite directement au bloc op\u00e9ratoire ou \u00e0 la salle de pr\u00e9paration \u00e0 l'anesth\u00e9sie. Vous y serez accueilli par les coll\u00e8gues du service d'anesth\u00e9sie. <\/p>\n\n<p><\/p>\n\n<p class=\"has-background\" style=\"background-color:#eeebeb\">L'op\u00e9ration elle-m\u00eame dure environ une heure. En cas d'anesth\u00e9sie partielle (rachianesth\u00e9sie), ils peuvent dormir ou \u00e9couter de la musique pendant l'op\u00e9ration. Vous ne vous en rendez pas compte.  <\/p>\n\n<p><\/p>\n\n<p class=\"has-background\" style=\"background-color:#eeebeb\">L'incision cutan\u00e9e est pratiqu\u00e9e \u00e0 l'avant, au-dessus de l'articulation du genou. Les anciennes cicatrices sont r\u00e9utilis\u00e9es si possible et int\u00e9gr\u00e9es dans l'incision. <\/p>\n\n<p><\/p>\n\n<p class=\"has-background\" style=\"background-color:#eeebeb\">Depuis 2018, nous utilisons syst\u00e9matiquement la proc\u00e9dure MAKO assist\u00e9e par bras robotis\u00e9 pour l'alignement de la proth\u00e8se du genou. Elle fournit des informations pr\u00e9cises sur l'alignement individuel des composants de la proth\u00e8se et, en outre, sur la stabilit\u00e9 des structures ligamentaires. Selon les derni\u00e8res connaissances scientifiques, cela permet de r\u00e9duire les erreurs et de minimiser le risque de r\u00e9intervention. La r\u00e9\u00e9ducation est \u00e9galement g\u00e9n\u00e9ralement un peu plus rapide gr\u00e2ce \u00e0 la r\u00e9duction du traumatisme op\u00e9ratoire.   <\/p>\n\n<p><\/p>\n\n<p class=\"has-background\" style=\"background-color:#eeebeb\">\u00c0 la fin de l'op\u00e9ration, la plaie est scell\u00e9e avec une colle r\u00e9sistante \u00e0 l'eau et un bas de contention vous est appliqu\u00e9. Ils passent ensuite environ deux heures en salle de r\u00e9veil avant de retourner dans le service. <\/p>\n\n<p><\/p>\n\n<div style=\"height:50px\" aria-hidden=\"true\" class=\"wp-block-spacer\"><\/div>\n\n<p><\/p>\n\n<h3 class=\"wp-block-heading\">Des soins optimaux pour les patients tout au long de l'op\u00e9ration<\/h3>\n\n<p><\/p>\n\n<p class=\"has-background\" style=\"background-color:#acd1c7\">Un aspect central de l'optimisation des soins aux patients est la <strong>r\u00e9duction des pertes de sang et de l'\u0153d\u00e8me<\/strong> apr\u00e8s l'op\u00e9ration, afin de minimiser les complications et de favoriser la r\u00e9cup\u00e9ration<strong>.<\/strong> Pour ce faire, diff\u00e9rentes mesures sont combin\u00e9es.<\/p>\n\n<p>\u00a0<\/p>\n\n<p>\u25aa M\u00e9dicaments pour minimiser les saignements (acide tranexamique = Cyclokapron\u00ae).<\/p>\n\n<p>  \u25aa R\u00e9duction de la pression art\u00e9rielle pendant l'op\u00e9ration<\/p>\n\n<p>\u25aa Bas de compression de la cuisse pour 2-3 semaines<\/p>\n\n<p>\u25aa Utilisation d'un appareil sp\u00e9cial de refroidissement et de compression (Game Ready) dans le service<\/p>\n\n<p>\u25aa Renoncer aux drains<\/p>\n\n<p><\/p>\n\n<p class=\"has-background\" style=\"background-color:#eeebeb\">Gr\u00e2ce \u00e0 la combinaison de ces mesures, la perte de sang moyenne d'une op\u00e9ration de proth\u00e8se de genou est d'environ 300 ml, de sorte que les transfusions sanguines ne sont g\u00e9n\u00e9ralement plus n\u00e9cessaires aujourd'hui. La th\u00e9rapie par compression permet de r\u00e9duire le gonflement post-op\u00e9ratoire de 20 \u00e0 30% en moyenne. <\/p>\n\n<p><\/p>\n\n<div style=\"height:50px\" aria-hidden=\"true\" class=\"wp-block-spacer\"><\/div>\n\n<h3 class=\"wp-block-heading\">Traitement optimis\u00e9 de la douleur<\/h3>\n\n<p><\/p>\n\n<p class=\"has-background\" style=\"background-color:#acd1c7\">L'accent est mis sur la <strong>minimisation de la douleur<\/strong> afin d'am\u00e9liorer le confort du patient et de soutenir le processus de gu\u00e9rison. Diff\u00e9rentes mesures contribuent \u00e0 la r\u00e9duction de la douleur dans notre programme de r\u00e9cup\u00e9ration optimale. <\/p>\n\n<p>\u00a0<\/p>\n\n<p>\u25aa Techniques chirurgicales particuli\u00e8rement respectueuses des tissus<\/p>\n\n<p>\u25aa Anesth\u00e9sie par infiltration locale directement dans l'articulation du genou<\/p>\n\n<p>\u25aa Blocage des nerfs de la cuisse (bloc du canal des adducteurs)<\/p>\n\n<p>  \u25aa Traitement standardis\u00e9 de la douleur selon un sch\u00e9ma par \u00e9tapes<\/p>\n\n<p>  \u25aa R\u00e9duction de l'\u0153d\u00e8me gr\u00e2ce au refroidissement et \u00e0 la compression<\/p>\n\n<p><\/p>\n\n<p class=\"has-background\" style=\"background-color:#eeebeb\">Les deux premiers jours apr\u00e8s l'op\u00e9ration d'une proth\u00e8se de genou sont souvent encore assez douloureux. C'est la raison pour laquelle ils sont encore \u00e0 l'h\u00f4pital, afin que nous puissions mettre en place un traitement antidouleur appropri\u00e9. Une fois que la douleur est bien support\u00e9e, il est g\u00e9n\u00e9ralement possible de rentrer chez soi.  <\/p>\n\n<p><\/p>\n\n<div style=\"height:50px\" aria-hidden=\"true\" class=\"wp-block-spacer\"><\/div>\n\n<h3 class=\"wp-block-heading\">Mobilisation et physioth\u00e9rapie<\/h3>\n\n<p><\/p>\n\n<p class=\"has-background\" style=\"background-color:#acd1c7\">La mobilisation commence imm\u00e9diatement apr\u00e8s l'op\u00e9ration, d\u00e8s que vous avez retrouv\u00e9 toutes vos sensations dans les jambes et que votre circulation est stable.  <\/p>\n\n<p><\/p>\n\n<p class=\"has-background\" style=\"background-color:#eeebeb\">En r\u00e8gle g\u00e9n\u00e9rale, la proth\u00e8se est directement utilisable et vous apprenez \u00e0 marcher avec des cannes \u00e0 l'h\u00f4pital. Vous recevrez une fois par jour des s\u00e9ances de kin\u00e9sith\u00e9rapie et des exercices d'auto-th\u00e9rapie, qui sont \u00e9galement r\u00e9sum\u00e9s dans une brochure. Vous \u00eates encourag\u00e9(e) \u00e0 \u00e9largir chaque jour votre rayon d'action.  <\/p>\n\n<p><\/p>\n\n<p class=\"has-background\" style=\"background-color:#eeebeb\">Les premiers jours, l'accent est mis sur l'acquisition de l'autonomie et de la mobilit\u00e9. Avant la sortie, on s'entra\u00eene \u00e9galement \u00e0 monter les escaliers avec vous. En ce qui concerne l'articulation du genou, l'entra\u00eenement \u00e0 l'extension compl\u00e8te et les mesures de d\u00e9congestion sont particuli\u00e8rement importants au cours des 2 \u00e0 3 premi\u00e8res semaines.  <\/p>\n\n<p><\/p>\n\n<div style=\"height:50px\" aria-hidden=\"true\" class=\"wp-block-spacer\"><\/div>\n\n<h3 class=\"wp-block-heading\">Pr\u00e9vention des complications<\/h3>\n\n<p><\/p>\n\n<p class=\"has-background\" style=\"background-color:#acd1c7\">L'implantation d'une proth\u00e8se de genou est une intervention tr\u00e8s standardis\u00e9e avec un risque de complications globalement tr\u00e8s faible. Il s'agit avant tout de pr\u00e9venir les thromboses, les chutes et les infections. <\/p>\n\n<p><\/p>\n\n<p class=\"has-background\" style=\"background-color:#eeebeb\">Pour \u00e9viter les thromboses, il est important de mobiliser votre articulation et vous-m\u00eame le plus t\u00f4t possible. Vous pouvez faire vous-m\u00eame des exercices de pr\u00e9vention de la thrombose en bougeant les orteils et les pieds de haut en bas dans votre lit. En outre, ils re\u00e7oivent une injection quotidienne pour fluidifier le sang (Fragmin). A la sortie, la prophylaxie passe \u00e0 un comprim\u00e9 (Xarelto\u00ae ou Aspirine cardio \u00ae) que vous devez prendre jusqu'\u00e0 14 jours apr\u00e8s l'op\u00e9ration.<\/p>\n\n<p><\/p>\n\n<p class=\"has-background\" style=\"background-color:#eeebee\">Pour la pr\u00e9vention des infections, nous utilisons, en plus des mesures chirurgicales standard, un pansement sp\u00e9cial semblable \u00e0 une seconde peau. Celui-ci scelle votre plaie et ne doit PAS \u00eatre chang\u00e9. Il est simplement laiss\u00e9 en place pendant deux semaines. A partir du deuxi\u00e8me jour apr\u00e8s l'op\u00e9ration, vous pouvez \u00e9galement vous doucher avec. Le retrait des fils n'est plus n\u00e9cessaire avec ce pansement sp\u00e9cial.  <\/p>\n\n<p><\/p>\n\n<div style=\"height:50px\" aria-hidden=\"true\" class=\"wp-block-spacer\"><\/div>\n\n<h3 class=\"wp-block-heading\">Sortie de l'h\u00f4pital<\/h3>\n\n<div style=\"height:20px\" aria-hidden=\"true\" class=\"wp-block-spacer\"><\/div>\n\n<p class=\"has-background\" style=\"background-color:#acd1c7\"><strong>Le s\u00e9jour \u00e0 l'h\u00f4pital est g\u00e9n\u00e9ralement de 2 \u00e0 4 jours.  <\/strong>Les crit\u00e8res suivants doivent \u00eatre remplis pour une sortie d'h\u00f4pital \u00e0 domicile :<\/p>\n\n<p><br\/>\u25aa Plaie non irritante et s\u00e8che<br\/>\u25aa Douleur ma\u00eetris\u00e9e<br\/>\u25aa Mobilit\u00e9 autonome aux cannes<\/p>\n\n<p class=\"has-background\" style=\"background-color:#eeebeb\">La sortie de l'h\u00f4pital a lieu le matin avant 9 heures (le week-end avant 10 heures).<\/p>\n\n<p><\/p>\n\n<p class=\"has-background\" style=\"background-color:#eeebeb\">Dans la semaine qui suit votre sortie, vous devez <strong>poursuivre la kin\u00e9sith\u00e9rapie ambulatoire<\/strong>. L'id\u00e9al est de convenir des premiers rendez-vous avant m\u00eame de quitter l'h\u00f4pital. <strong>Un contr\u00f4le de la plaie est pr\u00e9vu 14 jours apr\u00e8s l'op\u00e9ration<\/strong>. Votre m\u00e9decin traitant peut s'en charger, ou nous pouvons le faire dans le cadre de notre consultation.  <\/p>\n\n<div style=\"height:50px\" aria-hidden=\"true\" class=\"wp-block-spacer\"><\/div>\n\n<p><strong>Si vous quittez l'entreprise, nous vous enverrons les documents suivants :<\/strong><\/p>\n\n<p>\u25aa Ordonnance pour la physioth\u00e9rapie ambulatoire<br\/>\u25aa Rendez-vous pour le contr\u00f4le de la plaie apr\u00e8s 14 jours (si souhait\u00e9)<br\/>\u25aa Rendez-vous pour le contr\u00f4le avec radiographie apr\u00e8s 2 mois <br\/>\u25aa Ordonnance pour les m\u00e9dicaments (analg\u00e9siques et prophylaxie de la thrombose pour 14 jours)<br\/>\u25aa Certificat d'incapacit\u00e9 de travail (si n\u00e9cessaire)<br\/>\u25aa Passeport pour les proth\u00e8ses<\/p>\n","protected":false},"excerpt":{"rendered":"","protected":false},"author":1,"featured_media":3639,"comment_status":"closed","ping_status":"closed","sticky":false,"template":"","format":"standard","meta":{"_acf_changed":false,"footnotes":""},"categories":[30],"tags":[],"class_list":["post-3962","post","type-post","status-publish","format-standard","has-post-thumbnail","hentry","category-genou"],"acf":[],"_links":{"self":[{"href":"https:\/\/articon.ch\/fr\/wp-json\/wp\/v2\/posts\/3962","targetHints":{"allow":["GET"]}}],"collection":[{"href":"https:\/\/articon.ch\/fr\/wp-json\/wp\/v2\/posts"}],"about":[{"href":"https:\/\/articon.ch\/fr\/wp-json\/wp\/v2\/types\/post"}],"author":[{"embeddable":true,"href":"https:\/\/articon.ch\/fr\/wp-json\/wp\/v2\/users\/1"}],"replies":[{"embeddable":true,"href":"https:\/\/articon.ch\/fr\/wp-json\/wp\/v2\/comments?post=3962"}],"version-history":[{"count":3,"href":"https:\/\/articon.ch\/fr\/wp-json\/wp\/v2\/posts\/3962\/revisions"}],"predecessor-version":[{"id":4613,"href":"https:\/\/articon.ch\/fr\/wp-json\/wp\/v2\/posts\/3962\/revisions\/4613"}],"wp:featuredmedia":[{"embeddable":true,"href":"https:\/\/articon.ch\/fr\/wp-json\/wp\/v2\/media\/3639"}],"wp:attachment":[{"href":"https:\/\/articon.ch\/fr\/wp-json\/wp\/v2\/media?parent=3962"}],"wp:term":[{"taxonomy":"category","embeddable":true,"href":"https:\/\/articon.ch\/fr\/wp-json\/wp\/v2\/categories?post=3962"},{"taxonomy":"post_tag","embeddable":true,"href":"https:\/\/articon.ch\/fr\/wp-json\/wp\/v2\/tags?post=3962"}],"curies":[{"name":"wp","href":"https:\/\/api.w.org\/{rel}","templated":true}]}}